{"id":18840,"date":"2022-03-07T15:45:07","date_gmt":"2022-03-07T14:45:07","guid":{"rendered":"https:\/\/www.guidaturisticaosta.it\/?p=18840"},"modified":"2026-04-25T17:51:00","modified_gmt":"2026-04-25T15:51:00","slug":"valdigne-cosa-vedere-vicino-courmayeur","status":"publish","type":"post","link":"https:\/\/www.guidaturisticaosta.it\/fr\/valdigne-cosa-vedere-vicino-courmayeur\/","title":{"rendered":"La Valdigne, cosa vedere vicino a Courmayeur"},"content":{"rendered":"<p>Superata Aosta e dirigendosi verso il Monte Bianco si raggiunge quella che \u00e8 chiamata l\u2019Alta Valle, ovvero <strong>la Valdigne<\/strong>, situata oltre i paesi ai piedi delle Valli del Gran Paradiso. La Valdigne con i suoi incantevoli paesi \u00e8 perfetta per coloro che si chiedono <strong>cosa vedere vicino a Courmayeur<\/strong>, oltre Skyway e le terme di Pr\u00e9-Saint-Didier.<\/p>\n<p>La Valdigne, circondata da maestose montagne e da una natura rigogliosa, si compone di numerosi paesi situati ai piedi del Monte Bianco: Morgex, La Salle, Pr\u00e9-Saint-Didier e infine Courmayeur.<\/p>\n<div id=\"toc_container\">\n<p class=\"toc_title\">Contenuti<\/p>\n<ul class=\"toc_list\">\n<li><a href=\"#First_Point_Header\">1 La Valdigne: Morgex<\/a><\/li>\n<li><a href=\"#Second_Point_Header\">2 La VAldigne: La Salle<\/a><\/li>\n<li><a href=\"#Third_Point_Header\">3 La Valdigne: Pr\u00e9-Saint-Didier<\/a><\/li>\n<li><a href=\"#Fourth_Point_Header\">4 La Thuile e il Colle del Piccolo San Bernardo<\/a><\/li>\n<li><a href=\"#Fifth_Point_Header\">5 Courmayeur e Skyway Monte Bianco<\/a><\/li>\n<\/ul>\n<\/div>\n<h2 id=\"First_Point_Header\">La Valdigne: Morgex<\/h2>\n<p>Morgex, antico borgo che conserva la <strong>parrocchia pi\u00f9 antica della Valdigne<\/strong> titolata a Santa Maria Assunta, riconosciuta monumento nazionale nel 1910. Sulla chiesa paleocristiana del V secolo venne costruita una chiesa medievale citata gi\u00e0 nel 1176. <\/p>\n<div id=\"attachment_18847\" style=\"width: 410px\" class=\"wp-caption alignright\"><img loading=\"lazy\" decoding=\"async\" aria-describedby=\"caption-attachment-18847\" src=\"https:\/\/www.guidaturisticaosta.it\/wp-content\/uploads\/2022\/01\/Chiesa-Parrocchiale-di-Morgex-400x266.jpg\" alt=\"Chiesa parrocchiale di Morgex\" width=\"400\" height=\"266\" class=\"size-medium wp-image-18847\" \/><p id=\"caption-attachment-18847\" class=\"wp-caption-text\">Chiesa parrocchiale di Morgex<\/p><\/div>\n<p>Nel <strong>borgo di Morgex<\/strong> \u00e8 inoltre presente una delle pi\u00f9 antiche torri della Valle d\u2019Aosta ovvero la <strong>Tour de l\u2019Archet<\/strong> risalente al X secolo. Le origini del nome della famiglia de l\u2019Archet che eresse la torre derivano dall\u2019aver adattato a propria abitazione l\u2019Arco di Augusto di Aosta!<br \/>\nL\u2019alta e massiccia torre quadrata ospita oggi la <a href=\"https:\/\/www.sapegno.it\/\" target=\"_blank\" rel=\"noopener\">Fondazione \u201cNatalino Sapegno\u201d<\/a> deputata a studi e ricerche nell\u2019ambito della letteratura europea moderna e contemporanea.<br \/>\nMorgex \u00e8 celebre anche per la sua agricoltura, qui infatti crescono le pi\u00f9 alte vigne d\u2019Europa, dalle quali si produce il <strong>Blanc de Morgex et de La Salle<\/strong> che nel 1985 ottenne la denominazione DOC.<\/p>\n<h2 id=\"Second_Point_Header\">La Valdigne: La Salle<\/h2>\n<p>Vicino a Morgex si trova La Salle, villaggio dominato dai ruderi del <strong>Ch\u00e2telard<\/strong>, castello edificato nella prima met\u00e0 del XIII secolo da Rodolfo Grossi, allora vescovo di Aosta e consigliere di Pietro II di Savoia.<\/p>\n<p>Tutt\u2019intorno piccole e grandi dimore medievali costellano il territorio come antiche sentinelle. Il villaggio custodisce molte caseforti tra cui <strong>Maison Gerbollier<\/strong>, oggi sede del municipio.<\/p>\n<p>Da non perdere la visita del nucleo pi\u00f9 antico del paese e del suo <strong>caratteristico borgo<\/strong> in cui si trova la <strong>chiesa parrocchiale di San Cassiano<\/strong>. I primi documenti relativi a questa chiesa sono gli atti delle visite pastorali del 1413 e 1416, ma essa potrebbe essere ovviamente pi\u00f9 antica. Dell\u2019edificio quattrocentesco, tuttavia, non rimane pi\u00f9 nulla, poich\u00e9 nel 1846 la chiesa venne interamente ricostruita, per essere riconsacrata nel 1847. La chiesa custodisce uno degli organi pi\u00f9 belli presenti in Valle d\u2019Aosta e accoglie un museo permanente di arte sacra nel quale sono conservati numerosi oggetti di notevole valore storico-artistico.<br \/>\n\n\t\t<style>\n\t\t\t#gallery-1 {\n\t\t\t\tmargin: auto;\n\t\t\t}\n\t\t\t#gallery-1 .gallery-item {\n\t\t\t\tfloat: left;\n\t\t\t\tmargin-top: 10px;\n\t\t\t\ttext-align: center;\n\t\t\t\twidth: 50%;\n\t\t\t}\n\t\t\t#gallery-1 img {\n\t\t\t\tborder: 2px solid #cfcfcf;\n\t\t\t}\n\t\t\t#gallery-1 .gallery-caption {\n\t\t\t\tmargin-left: 0;\n\t\t\t}\n\t\t\t\/* see gallery_shortcode() in wp-includes\/media.php *\/\n\t\t<\/style>\n\t\t<div id='gallery-1' class='gallery galleryid-18840 gallery-columns-2 gallery-size-medium'><dl class='gallery-item'>\n\t\t\t<dt class='gallery-icon landscape'>\n\t\t\t\t<img loading=\"lazy\" decoding=\"async\" width=\"400\" height=\"266\" src=\"https:\/\/www.guidaturisticaosta.it\/wp-content\/uploads\/2022\/01\/Castello-di-Chatelard-a-La-Salle-400x266.jpg\" class=\"attachment-medium size-medium\" alt=\"Castello di Chatelard a La Salle\" aria-describedby=\"gallery-1-18851\" \/>\n\t\t\t<\/dt>\n\t\t\t\t<dd class='wp-caption-text gallery-caption' id='gallery-1-18851'>\n\t\t\t\tCastello di Chatelard a La Salle\n\t\t\t\t<\/dd><\/dl><dl class='gallery-item'>\n\t\t\t<dt class='gallery-icon landscape'>\n\t\t\t\t<img loading=\"lazy\" decoding=\"async\" width=\"400\" height=\"266\" src=\"https:\/\/www.guidaturisticaosta.it\/wp-content\/uploads\/2022\/01\/Veduta-di-La-Salle-1-400x266.jpg\" class=\"attachment-medium size-medium\" alt=\"Veduta di La Salle\" aria-describedby=\"gallery-1-18868\" \/>\n\t\t\t<\/dt>\n\t\t\t\t<dd class='wp-caption-text gallery-caption' id='gallery-1-18868'>\n\t\t\t\tVeduta di La Salle\n\t\t\t\t<\/dd><\/dl><br style=\"clear: both\" \/>\n\t\t<\/div>\n<\/p>\n<p>La frazione pi\u00f9 caratteristica di La Salle \u00e8 sicuramente<strong> Derby<\/strong>. La storia conosciuta di Derby inizia nel 1040, anno in cui Umberto Biancamano, capostipite dei Savoia e signore del Valdigne, don\u00f2 per due terzi al Capitolo della Cattedrale e per un terzo al Capitolo di Sant\u2019Orso di Aosta, oltre a beni mobili ed immobili di vario genere, la giurisdizione su questo territorio. Al centro della frazione si trovano la <strong>chiesa parrocchiale di Sant\u2019Orso<\/strong> e il castello giudiziario (XIV-XV), cos\u00ec chiamato perch\u00e9 negli scantinati vi erano delle carceri.<br \/>\nTra gli altri edifici di interesse vi sono il  castello notarile in quanto probabile residenza dei notai Lachenal, attestati a Derby e in tutta la Valdigne tra XIII e XVI secolo; il forno comunitario e la Torre di giustizia risalente al XV secolo.<\/p>\n<h2 id=\"Third_Point_Header\">La Valdigne: Pr\u00e9-Saint-Didier<\/h2>\n<p>Prima di Courmayeur, vale la pena visitare Pr\u00e9-Saint-Didier. La localit\u00e0 era gi\u00e0 attestata in epoca romana come <em>Prata ad Sanctum Desiderium<\/em>, stazione militare sulla <a href=\"https:\/\/www.guidaturisticaosta.it\/visite\/strada-romana-gallie\/\" target=\"_blank\" rel=\"noopener\">Via delle Gallie<\/a>, ma Pr\u00e9-Saint-Didier conosce un lento ma incessante sviluppo turistico dalla met\u00e0 del \u2018600, quando si afferma come meta ambita grazie alle virt\u00f9 delle sue acque termali<br \/>\n<div id=\"attachment_18876\" style=\"width: 410px\" class=\"wp-caption alignleft\"><img loading=\"lazy\" decoding=\"async\" aria-describedby=\"caption-attachment-18876\" src=\"https:\/\/www.guidaturisticaosta.it\/wp-content\/uploads\/2022\/01\/Pre-Saint-Didier-1-400x259.jpg\" alt=\"Pre Saint Didier\" width=\"400\" height=\"259\" class=\"size-medium wp-image-18876\" \/><p id=\"caption-attachment-18876\" class=\"wp-caption-text\">Pre Saint Didier<\/p><\/div><\/p>\n<p>La <strong>chiesa parrocchiale di San Lorenzo<\/strong>, ricostruita nel XV secolo e ampliata alla fine dell\u2019Ottocento, conserva un campanile tra i pi\u00f9 antichi della valle risalente presumibilmente all\u2019XI secolo. A pochi minuti a piedi dal centro, si trovano le terme di Pr\u00e9-Saint-Didier, dalle cui piscine si gode di una splendida vista del Monte Bianco. <\/p>\n<p>Alle spalle delle terme scorre il torrente Dora di Verney che scende dal <strong>ghiacciaio del Rutor<\/strong> e attraversa il Vallone di La Thuile. Qui si trova un antico ponte in pietra che porta all\u2019antico stabilimento termale e sale un sentiero che conduce ad una futuristica <strong>passerella in acciaio a sbalzo sull\u2019orrido di Pr\u00e9-Saint-Didier<\/strong>.<\/p>\n<h2 id=\"Fourth_Point_Header\">La Thuile e il Colle del Piccolo San Bernardo<\/h2>\n<p>Dal paese di Pr\u00e9 Saint Didier sale inoltre la strada che conduce a La Thuile, centro di villeggiatura estivo e invernale. Continuando oltre La Thuile si giunge al <a href=\"https:\/\/www.guidaturisticaosta.it\/visite\/colle-del-piccolo-san-bernardo\/\">Colle del Piccolo San Bernardo<\/a> che collega nel periodo estivo, l\u2019Italia alla Francia.<br \/>\n<strong>Colle del Piccolo San Bernardo<\/strong>, luogo dalla storia millenaria conserva oggi i resti di un cromlech protostorico databile forse all\u2019et\u00e0 del Bronzo. Poco oltre il confine sorge il <strong>giardino botanico \u201cChanousia<\/strong>\u201d fondato nel 1897 dall\u2019abate Chanoux, ha in coltura circa 1600 specie di piante alpine ed \u00e8 dotato di un laboratorio e di un piccolo museo.<\/p>\n<p>\n\t\t<style>\n\t\t\t#gallery-2 {\n\t\t\t\tmargin: auto;\n\t\t\t}\n\t\t\t#gallery-2 .gallery-item {\n\t\t\t\tfloat: left;\n\t\t\t\tmargin-top: 10px;\n\t\t\t\ttext-align: center;\n\t\t\t\twidth: 50%;\n\t\t\t}\n\t\t\t#gallery-2 img {\n\t\t\t\tborder: 2px solid #cfcfcf;\n\t\t\t}\n\t\t\t#gallery-2 .gallery-caption {\n\t\t\t\tmargin-left: 0;\n\t\t\t}\n\t\t\t\/* see gallery_shortcode() in wp-includes\/media.php *\/\n\t\t<\/style>\n\t\t<div id='gallery-2' class='gallery galleryid-18840 gallery-columns-2 gallery-size-medium'><dl class='gallery-item'>\n\t\t\t<dt class='gallery-icon landscape'>\n\t\t\t\t<img loading=\"lazy\" decoding=\"async\" width=\"397\" height=\"292\" src=\"https:\/\/www.guidaturisticaosta.it\/wp-content\/uploads\/2022\/01\/Colle-del-Piccolo-San-Bernardo.jpg\" class=\"attachment-medium size-medium\" alt=\"Colle del Piccolo San Bernardo\" aria-describedby=\"gallery-2-18857\" \/>\n\t\t\t<\/dt>\n\t\t\t\t<dd class='wp-caption-text gallery-caption' id='gallery-2-18857'>\n\t\t\t\tColle del Piccolo San Bernardo\n\t\t\t\t<\/dd><\/dl><dl class='gallery-item'>\n\t\t\t<dt class='gallery-icon landscape'>\n\t\t\t\t<img loading=\"lazy\" decoding=\"async\" width=\"397\" height=\"292\" src=\"https:\/\/www.guidaturisticaosta.it\/wp-content\/uploads\/2022\/01\/Veduta-del-Massiccio-del-Monte-Bianco-dal-Lago-di-Arpy-1.jpg\" class=\"attachment-medium size-medium\" alt=\"Veduta del Massiccio del Monte Bianco dal Lago di Arpy\" aria-describedby=\"gallery-2-18917\" \/>\n\t\t\t<\/dt>\n\t\t\t\t<dd class='wp-caption-text gallery-caption' id='gallery-2-18917'>\n\t\t\t\tVeduta del Massiccio del Monte Bianco dal Lago di Arpy\n\t\t\t\t<\/dd><\/dl><br style=\"clear: both\" \/>\n\t\t<\/div>\n<br \/>\nDa La Thuile \u00e8 possibile inoltre raggiungere il <strong>Colle San Carlo<\/strong> (1960 m.), una strada panoramica tra le pi\u00f9 belle. Nei pressi del Colle, al Lago di Arpy, raggiungibile con una breve escursione a piedi si pu\u00f2 godere di uno splendido panorama sulla catena del Monte Bianco e su oltre 150 vette della Valle d\u2019Aosta.<\/p>\n<h2 id=\"Fifth_Point_Header\">Courmayeur e Skyway Monte Bianco<\/h2>\n<p>L\u2019ultimo paese ai piedi del Monte Bianco \u00e8 <strong>Courmayeur<\/strong>. Rinomata localit\u00e0 di villeggiatura e culla di numerose guide alpine di fama internazionale. Nel grazioso centro cittadino vale la pena visitare il <a href=\"https:\/\/www.guidaturisticaosta.it\/visite\/museo-alpino-duca-degli-abruzzi\/\">Museo Alpino Duca degli Abruzzi<\/a> che raccoglie numerosi cimeli legati alla figura della guida alpina.<\/p>\n<p>La passeggiata lungo la mondana Via Roma tocca la chiesa di San Pantaleone e Valentino, la Tour Malluquin, alcuni alberghi storici come il Royal e i salotti mondani come la piazzetta dell\u2019Hotel de l\u2019Ange.<\/p>\n\n\t\t<style>\n\t\t\t#gallery-3 {\n\t\t\t\tmargin: auto;\n\t\t\t}\n\t\t\t#gallery-3 .gallery-item {\n\t\t\t\tfloat: left;\n\t\t\t\tmargin-top: 10px;\n\t\t\t\ttext-align: center;\n\t\t\t\twidth: 50%;\n\t\t\t}\n\t\t\t#gallery-3 img {\n\t\t\t\tborder: 2px solid #cfcfcf;\n\t\t\t}\n\t\t\t#gallery-3 .gallery-caption {\n\t\t\t\tmargin-left: 0;\n\t\t\t}\n\t\t\t\/* see gallery_shortcode() in wp-includes\/media.php *\/\n\t\t<\/style>\n\t\t<div id='gallery-3' class='gallery galleryid-18840 gallery-columns-2 gallery-size-medium'><dl class='gallery-item'>\n\t\t\t<dt class='gallery-icon landscape'>\n\t\t\t\t<img loading=\"lazy\" decoding=\"async\" width=\"400\" height=\"225\" src=\"https:\/\/www.guidaturisticaosta.it\/wp-content\/uploads\/2022\/01\/Courmayeur-Museo-Duca-degli-Abruzzi-400x225.jpg\" class=\"attachment-medium size-medium\" alt=\"Courmayeur Museo Duca degli Abruzzi\" aria-describedby=\"gallery-3-18863\" \/>\n\t\t\t<\/dt>\n\t\t\t\t<dd class='wp-caption-text gallery-caption' id='gallery-3-18863'>\n\t\t\t\tCourmayeur Museo Duca degli Abruzzi\n\t\t\t\t<\/dd><\/dl><dl class='gallery-item'>\n\t\t\t<dt class='gallery-icon landscape'>\n\t\t\t\t<img loading=\"lazy\" decoding=\"async\" width=\"400\" height=\"225\" src=\"https:\/\/www.guidaturisticaosta.it\/wp-content\/uploads\/2022\/01\/Entreves-e-il-ghiacciaio-della-Brenva-400x225.jpg\" class=\"attachment-medium size-medium\" alt=\"Entreves e il ghiacciaio della Brenva\" aria-describedby=\"gallery-3-18865\" \/>\n\t\t\t<\/dt>\n\t\t\t\t<dd class='wp-caption-text gallery-caption' id='gallery-3-18865'>\n\t\t\t\tEntreves e il ghiacciaio della Brenva\n\t\t\t\t<\/dd><\/dl><br style=\"clear: both\" \/>\n\t\t<\/div>\n\n<p>Poco oltre Courmayeur, a circa 3 km di distanza, si trova la stazione di partenza delle nuove funivie del Monte Bianco ovvero <a href=\"https:\/\/www.guidaturisticaosta.it\/visite\/skyway-monte-bianco\/\">Skyway Monte Bianco<\/a>, definita \u201cl\u2019ottava meraviglia del mondo\u201d che collega l\u2019Italia alla Francia. La salita fino a punta Helbronner consente di godere di un panorama unico sul massiccio del Monte Bianco e su tutta la catena alpina.<\/p>\n<p><strong>Contattami per prenotare la tua visita guidata in Valdigne, ai piedi del Monte Bianco, un luogo ricco di storia che sapr\u00e0 stupirvi ed affascinarvi.<\/strong><\/p>\n","protected":false},"excerpt":{"rendered":"<p>L&rsquo;alta valle ovvero la Valdigne, con i suoi incantevoli paesi situati ai piedi del Monte Bianco \u00e8 la meta perfetta visitare i dintorni di Courmayeur<\/p>\n","protected":false},"author":2,"featured_media":18897,"comment_status":"closed","ping_status":"closed","sticky":false,"template":"","format":"standard","meta":{"_acf_changed":false,"_et_pb_use_builder":"","_et_pb_old_content":"","_et_gb_content_width":"","footnotes":""},"categories":[41],"tags":[97,99,169,170,174,176],"class_list":["post-18840","post","type-post","status-publish","format-standard","has-post-thumbnail","hentry","category-a-spasso-per-la-valle","tag-colle-del-piccolo-san-bernardo","tag-courmayeur","tag-skyway","tag-skyway-monte-bianco","tag-terme-di-pre-saint-didier","tag-terme-valle-daosta"],"acf":[],"_links":{"self":[{"href":"https:\/\/www.guidaturisticaosta.it\/fr\/wp-json\/wp\/v2\/posts\/18840","targetHints":{"allow":["GET"]}}],"collection":[{"href":"https:\/\/www.guidaturisticaosta.it\/fr\/wp-json\/wp\/v2\/posts"}],"about":[{"href":"https:\/\/www.guidaturisticaosta.it\/fr\/wp-json\/wp\/v2\/types\/post"}],"author":[{"embeddable":true,"href":"https:\/\/www.guidaturisticaosta.it\/fr\/wp-json\/wp\/v2\/users\/2"}],"replies":[{"embeddable":true,"href":"https:\/\/www.guidaturisticaosta.it\/fr\/wp-json\/wp\/v2\/comments?post=18840"}],"version-history":[{"count":27,"href":"https:\/\/www.guidaturisticaosta.it\/fr\/wp-json\/wp\/v2\/posts\/18840\/revisions"}],"predecessor-version":[{"id":22720,"href":"https:\/\/www.guidaturisticaosta.it\/fr\/wp-json\/wp\/v2\/posts\/18840\/revisions\/22720"}],"wp:featuredmedia":[{"embeddable":true,"href":"https:\/\/www.guidaturisticaosta.it\/fr\/wp-json\/wp\/v2\/media\/18897"}],"wp:attachment":[{"href":"https:\/\/www.guidaturisticaosta.it\/fr\/wp-json\/wp\/v2\/media?parent=18840"}],"wp:term":[{"taxonomy":"category","embeddable":true,"href":"https:\/\/www.guidaturisticaosta.it\/fr\/wp-json\/wp\/v2\/categories?post=18840"},{"taxonomy":"post_tag","embeddable":true,"href":"https:\/\/www.guidaturisticaosta.it\/fr\/wp-json\/wp\/v2\/tags?post=18840"}],"curies":[{"name":"wp","href":"https:\/\/api.w.org\/{rel}","templated":true}]}}